{"id":6549,"date":"2026-04-30T14:20:18","date_gmt":"2026-04-30T18:20:18","guid":{"rendered":"https:\/\/www.rpldm.ca\/?p=6549"},"modified":"2026-04-30T14:22:55","modified_gmt":"2026-04-30T18:22:55","slug":"la-regie-de-police-du-lac-des-deux-montagnes-et-ses-cols-blancs-sentendent-sur-une-nouvelle-convention-collective","status":"publish","type":"post","link":"https:\/\/www.rpldm.ca\/en\/la-regie-de-police-du-lac-des-deux-montagnes-et-ses-cols-blancs-sentendent-sur-une-nouvelle-convention-collective\/","title":{"rendered":"La R\u00e9gie de police du Lac des Deux-Montagnes et ses cols blancs s&#8217;entendent sur une nouvelle convention collective"},"content":{"rendered":"<p>&nbsp;<\/p>\n<p style=\"text-align: left;\">La R\u00e9gie de police du Lac des Deux-Montagnes est heureuse d\u2019annoncer la signature d\u2019une nouvelle convention collective avec ses employ\u00e9s membres du Syndicat des salari\u00e9s de la Ville de Deux-Montagnes, section R\u00e9gie de police du Lac des Deux-Montagnes (SCFP, section locale 1620).<\/p>\n<p>&nbsp;<\/p>\n<p style=\"text-align: left;\">Cette entente, d\u2019une dur\u00e9e de sept ans, a \u00e9t\u00e9 conclue au terme de n\u00e9gociations franches et constructives entre la partie patronale et le syndicat. Les deux parties sont tr\u00e8s satisfaites de cette entente qui permettra d\u2019assurer un climat de travail stable et harmonieux pour les prochaines ann\u00e9es, tout en contribuant \u00e0 bonifier la conciliation travail-famille pour les employ\u00e9s(es).<\/p>\n<p>&nbsp;<\/p>\n<p style=\"text-align: left;\">\u00ab Je tiens \u00e0 saluer le professionnalisme et la transparence des repr\u00e9sentants de la R\u00e9gie et du syndicat. Cela a contribu\u00e9 \u00e0 l\u2019excellent climat des \u00e9changes \u00e0 la table des n\u00e9gociations. Nous nous sommes assur\u00e9s que la n\u00e9gociation repose sur la bonne foi et la franchise mutuelles. C\u2019est d\u2019ailleurs dans cette perspective d\u2019ouverture que les repr\u00e9sentants syndicaux ont soumis l\u2019entente \u00e0 l\u2019approbation de leurs membres, pour s\u2019assurer de signer la meilleure entente possible. L\u2019ouverture et la transparence sont des valeurs qui vont continuer de guider nos relations de travail \u00e0 la R\u00e9gie \u00bb, conclut le pr\u00e9sident du conseil d&#8217;administration de la R\u00e9gie de police du Lac des Deux-Montagnes, M. Denis Martin, maire de la ville de Deux-Montagnes.<\/p>\n","protected":false},"excerpt":{"rendered":"<p>&nbsp; La R\u00e9gie de police du Lac des Deux-Montagnes est heureuse d\u2019annoncer la signature d\u2019une nouvelle convention collective avec ses employ\u00e9s membres du Syndicat des salari\u00e9s de la Ville de Deux-Montagnes, section R\u00e9gie de police du Lac des Deux-Montagnes (SCFP, section locale 1620). &nbsp; Cette entente, d\u2019une dur\u00e9e de sept ans, a \u00e9t\u00e9 conclue au [&hellip;]<\/p>\n","protected":false},"author":16,"featured_media":6546,"comment_status":"closed","ping_status":"closed","sticky":false,"template":"","format":"standard","meta":{"footnotes":""},"categories":[1],"tags":[],"class_list":["post-6549","post","type-post","status-publish","format-standard","has-post-thumbnail","hentry","category-nouvelles"],"yoast_head":"<!-- This site is optimized with the Yoast SEO plugin v27.4 - https:\/\/yoast.com\/product\/yoast-seo-wordpress\/ -->\n<title>La R\u00e9gie de police du Lac des Deux-Montagnes et ses cols blancs s&#039;entendent sur une nouvelle convention collective - R\u00e9gie de Police Deux-Montagnes<\/title>\n<meta name=\"robots\" content=\"index, follow, max-snippet:-1, max-image-preview:large, max-video-preview:-1\" \/>\n<link rel=\"canonical\" href=\"https:\/\/www.rpldm.ca\/en\/la-regie-de-police-du-lac-des-deux-montagnes-et-ses-cols-blancs-sentendent-sur-une-nouvelle-convention-collective\/\" \/>\n<meta property=\"og:locale\" content=\"en_US\" \/>\n<meta property=\"og:type\" content=\"article\" \/>\n<meta property=\"og:title\" content=\"La R\u00e9gie de police du Lac des Deux-Montagnes et ses cols blancs s&#039;entendent sur une nouvelle convention collective - R\u00e9gie de Police Deux-Montagnes\" \/>\n<meta property=\"og:description\" content=\"&nbsp; La R\u00e9gie de police du Lac des Deux-Montagnes est heureuse d\u2019annoncer la signature d\u2019une nouvelle convention collective avec ses employ\u00e9s membres du Syndicat des salari\u00e9s de la Ville de Deux-Montagnes, section R\u00e9gie de police du Lac des Deux-Montagnes (SCFP, section locale 1620). &nbsp; Cette entente, d\u2019une dur\u00e9e de sept ans, a \u00e9t\u00e9 conclue au [&hellip;]\" \/>\n<meta property=\"og:url\" content=\"https:\/\/www.rpldm.ca\/en\/la-regie-de-police-du-lac-des-deux-montagnes-et-ses-cols-blancs-sentendent-sur-une-nouvelle-convention-collective\/\" \/>\n<meta property=\"og:site_name\" content=\"R\u00e9gie de Police Deux-Montagnes\" \/>\n<meta property=\"article:published_time\" content=\"2026-04-30T18:20:18+00:00\" \/>\n<meta property=\"article:modified_time\" content=\"2026-04-30T18:22:55+00:00\" \/>\n<meta property=\"og:image\" content=\"https:\/\/www.rpldm.ca\/wp-content\/uploads\/2026\/04\/Signature-de-la-convention-scaled.jpeg\" \/>\n\t<meta property=\"og:image:width\" content=\"1920\" \/>\n\t<meta property=\"og:image:height\" content=\"2560\" \/>\n\t<meta property=\"og:image:type\" content=\"image\/jpeg\" \/>\n<meta name=\"author\" content=\"Yvon Lemelin\" \/>\n<meta name=\"twitter:card\" content=\"summary_large_image\" \/>\n<meta name=\"twitter:label1\" content=\"Written by\" \/>\n\t<meta name=\"twitter:data1\" content=\"Yvon Lemelin\" \/>\n\t<meta name=\"twitter:label2\" content=\"Est. reading time\" \/>\n\t<meta name=\"twitter:data2\" content=\"2 minutes\" \/>\n<script type=\"application\/ld+json\" class=\"yoast-schema-graph\">{\"@context\":\"https:\\\/\\\/schema.org\",\"@graph\":[{\"@type\":\"Article\",\"@id\":\"https:\\\/\\\/www.rpldm.ca\\\/en\\\/la-regie-de-police-du-lac-des-deux-montagnes-et-ses-cols-blancs-sentendent-sur-une-nouvelle-convention-collective\\\/#article\",\"isPartOf\":{\"@id\":\"https:\\\/\\\/www.rpldm.ca\\\/en\\\/la-regie-de-police-du-lac-des-deux-montagnes-et-ses-cols-blancs-sentendent-sur-une-nouvelle-convention-collective\\\/\"},\"author\":{\"name\":\"Yvon Lemelin\",\"@id\":\"https:\\\/\\\/www.rpldm.ca\\\/en\\\/#\\\/schema\\\/person\\\/c85e6e752c6e667f493df894bd1f41c7\"},\"headline\":\"La R\u00e9gie de police du Lac des Deux-Montagnes et ses cols blancs s&#8217;entendent sur une nouvelle convention collective\",\"datePublished\":\"2026-04-30T18:20:18+00:00\",\"dateModified\":\"2026-04-30T18:22:55+00:00\",\"mainEntityOfPage\":{\"@id\":\"https:\\\/\\\/www.rpldm.ca\\\/en\\\/la-regie-de-police-du-lac-des-deux-montagnes-et-ses-cols-blancs-sentendent-sur-une-nouvelle-convention-collective\\\/\"},\"wordCount\":263,\"publisher\":{\"@id\":\"https:\\\/\\\/www.rpldm.ca\\\/en\\\/#organization\"},\"image\":{\"@id\":\"https:\\\/\\\/www.rpldm.ca\\\/en\\\/la-regie-de-police-du-lac-des-deux-montagnes-et-ses-cols-blancs-sentendent-sur-une-nouvelle-convention-collective\\\/#primaryimage\"},\"thumbnailUrl\":\"https:\\\/\\\/www.rpldm.ca\\\/wp-content\\\/uploads\\\/2026\\\/04\\\/Signature-de-la-convention-scaled.jpeg\",\"articleSection\":[\"Nouvelles\"],\"inLanguage\":\"en-US\"},{\"@type\":\"WebPage\",\"@id\":\"https:\\\/\\\/www.rpldm.ca\\\/en\\\/la-regie-de-police-du-lac-des-deux-montagnes-et-ses-cols-blancs-sentendent-sur-une-nouvelle-convention-collective\\\/\",\"url\":\"https:\\\/\\\/www.rpldm.ca\\\/en\\\/la-regie-de-police-du-lac-des-deux-montagnes-et-ses-cols-blancs-sentendent-sur-une-nouvelle-convention-collective\\\/\",\"name\":\"La R\u00e9gie de police du Lac des Deux-Montagnes et ses cols blancs s'entendent sur une nouvelle convention collective - R\u00e9gie de Police Deux-Montagnes\",\"isPartOf\":{\"@id\":\"https:\\\/\\\/www.rpldm.ca\\\/en\\\/#website\"},\"primaryImageOfPage\":{\"@id\":\"https:\\\/\\\/www.rpldm.ca\\\/en\\\/la-regie-de-police-du-lac-des-deux-montagnes-et-ses-cols-blancs-sentendent-sur-une-nouvelle-convention-collective\\\/#primaryimage\"},\"image\":{\"@id\":\"https:\\\/\\\/www.rpldm.ca\\\/en\\\/la-regie-de-police-du-lac-des-deux-montagnes-et-ses-cols-blancs-sentendent-sur-une-nouvelle-convention-collective\\\/#primaryimage\"},\"thumbnailUrl\":\"https:\\\/\\\/www.rpldm.ca\\\/wp-content\\\/uploads\\\/2026\\\/04\\\/Signature-de-la-convention-scaled.jpeg\",\"datePublished\":\"2026-04-30T18:20:18+00:00\",\"dateModified\":\"2026-04-30T18:22:55+00:00\",\"breadcrumb\":{\"@id\":\"https:\\\/\\\/www.rpldm.ca\\\/en\\\/la-regie-de-police-du-lac-des-deux-montagnes-et-ses-cols-blancs-sentendent-sur-une-nouvelle-convention-collective\\\/#breadcrumb\"},\"inLanguage\":\"en-US\",\"potentialAction\":[{\"@type\":\"ReadAction\",\"target\":[\"https:\\\/\\\/www.rpldm.ca\\\/en\\\/la-regie-de-police-du-lac-des-deux-montagnes-et-ses-cols-blancs-sentendent-sur-une-nouvelle-convention-collective\\\/\"]}]},{\"@type\":\"ImageObject\",\"inLanguage\":\"en-US\",\"@id\":\"https:\\\/\\\/www.rpldm.ca\\\/en\\\/la-regie-de-police-du-lac-des-deux-montagnes-et-ses-cols-blancs-sentendent-sur-une-nouvelle-convention-collective\\\/#primaryimage\",\"url\":\"https:\\\/\\\/www.rpldm.ca\\\/wp-content\\\/uploads\\\/2026\\\/04\\\/Signature-de-la-convention-scaled.jpeg\",\"contentUrl\":\"https:\\\/\\\/www.rpldm.ca\\\/wp-content\\\/uploads\\\/2026\\\/04\\\/Signature-de-la-convention-scaled.jpeg\",\"width\":1920,\"height\":2560},{\"@type\":\"BreadcrumbList\",\"@id\":\"https:\\\/\\\/www.rpldm.ca\\\/en\\\/la-regie-de-police-du-lac-des-deux-montagnes-et-ses-cols-blancs-sentendent-sur-une-nouvelle-convention-collective\\\/#breadcrumb\",\"itemListElement\":[{\"@type\":\"ListItem\",\"position\":1,\"name\":\"Accueil\",\"item\":\"https:\\\/\\\/www.rpldm.ca\\\/en\\\/\"},{\"@type\":\"ListItem\",\"position\":2,\"name\":\"La R\u00e9gie de police du Lac des Deux-Montagnes et ses cols blancs s&#8217;entendent sur une nouvelle convention collective\"}]},{\"@type\":\"WebSite\",\"@id\":\"https:\\\/\\\/www.rpldm.ca\\\/en\\\/#website\",\"url\":\"https:\\\/\\\/www.rpldm.ca\\\/en\\\/\",\"name\":\"R\u00e9gie de Police Deux-Montagnes\",\"description\":\"\",\"publisher\":{\"@id\":\"https:\\\/\\\/www.rpldm.ca\\\/en\\\/#organization\"},\"potentialAction\":[{\"@type\":\"SearchAction\",\"target\":{\"@type\":\"EntryPoint\",\"urlTemplate\":\"https:\\\/\\\/www.rpldm.ca\\\/en\\\/?s={search_term_string}\"},\"query-input\":{\"@type\":\"PropertyValueSpecification\",\"valueRequired\":true,\"valueName\":\"search_term_string\"}}],\"inLanguage\":\"en-US\"},{\"@type\":\"Organization\",\"@id\":\"https:\\\/\\\/www.rpldm.ca\\\/en\\\/#organization\",\"name\":\"R\u00e9gie de Police Deux-Montagnes\",\"url\":\"https:\\\/\\\/www.rpldm.ca\\\/en\\\/\",\"logo\":{\"@type\":\"ImageObject\",\"inLanguage\":\"en-US\",\"@id\":\"https:\\\/\\\/www.rpldm.ca\\\/en\\\/#\\\/schema\\\/logo\\\/image\\\/\",\"url\":\"https:\\\/\\\/www.rpldm.ca\\\/wp-content\\\/uploads\\\/2020\\\/10\\\/logo-police2m.png\",\"contentUrl\":\"https:\\\/\\\/www.rpldm.ca\\\/wp-content\\\/uploads\\\/2020\\\/10\\\/logo-police2m.png\",\"width\":197,\"height\":208,\"caption\":\"R\u00e9gie de Police Deux-Montagnes\"},\"image\":{\"@id\":\"https:\\\/\\\/www.rpldm.ca\\\/en\\\/#\\\/schema\\\/logo\\\/image\\\/\"}},{\"@type\":\"Person\",\"@id\":\"https:\\\/\\\/www.rpldm.ca\\\/en\\\/#\\\/schema\\\/person\\\/c85e6e752c6e667f493df894bd1f41c7\",\"name\":\"Yvon Lemelin\",\"image\":{\"@type\":\"ImageObject\",\"inLanguage\":\"en-US\",\"@id\":\"https:\\\/\\\/secure.gravatar.com\\\/avatar\\\/19dc1c99a10b6f7bf0cc7fff904fc0f60223e3dbbe3f8dc0f8412b9756c0fcd9?s=96&d=mm&r=g\",\"url\":\"https:\\\/\\\/secure.gravatar.com\\\/avatar\\\/19dc1c99a10b6f7bf0cc7fff904fc0f60223e3dbbe3f8dc0f8412b9756c0fcd9?s=96&d=mm&r=g\",\"contentUrl\":\"https:\\\/\\\/secure.gravatar.com\\\/avatar\\\/19dc1c99a10b6f7bf0cc7fff904fc0f60223e3dbbe3f8dc0f8412b9756c0fcd9?s=96&d=mm&r=g\",\"caption\":\"Yvon Lemelin\"},\"url\":\"https:\\\/\\\/www.rpldm.ca\\\/en\\\/author\\\/yvon-lemelin\\\/\"}]}<\/script>\n<!-- \/ Yoast SEO plugin. -->","yoast_head_json":{"title":"La R\u00e9gie de police du Lac des Deux-Montagnes et ses cols blancs s'entendent sur une nouvelle convention collective - R\u00e9gie de Police Deux-Montagnes","robots":{"index":"index","follow":"follow","max-snippet":"max-snippet:-1","max-image-preview":"max-image-preview:large","max-video-preview":"max-video-preview:-1"},"canonical":"https:\/\/www.rpldm.ca\/en\/la-regie-de-police-du-lac-des-deux-montagnes-et-ses-cols-blancs-sentendent-sur-une-nouvelle-convention-collective\/","og_locale":"en_US","og_type":"article","og_title":"La R\u00e9gie de police du Lac des Deux-Montagnes et ses cols blancs s'entendent sur une nouvelle convention collective - R\u00e9gie de Police Deux-Montagnes","og_description":"&nbsp; La R\u00e9gie de police du Lac des Deux-Montagnes est heureuse d\u2019annoncer la signature d\u2019une nouvelle convention collective avec ses employ\u00e9s membres du Syndicat des salari\u00e9s de la Ville de Deux-Montagnes, section R\u00e9gie de police du Lac des Deux-Montagnes (SCFP, section locale 1620). &nbsp; Cette entente, d\u2019une dur\u00e9e de sept ans, a \u00e9t\u00e9 conclue au [&hellip;]","og_url":"https:\/\/www.rpldm.ca\/en\/la-regie-de-police-du-lac-des-deux-montagnes-et-ses-cols-blancs-sentendent-sur-une-nouvelle-convention-collective\/","og_site_name":"R\u00e9gie de Police Deux-Montagnes","article_published_time":"2026-04-30T18:20:18+00:00","article_modified_time":"2026-04-30T18:22:55+00:00","og_image":[{"width":1920,"height":2560,"url":"https:\/\/www.rpldm.ca\/wp-content\/uploads\/2026\/04\/Signature-de-la-convention-scaled.jpeg","type":"image\/jpeg"}],"author":"Yvon Lemelin","twitter_card":"summary_large_image","twitter_misc":{"Written by":"Yvon Lemelin","Est. reading time":"2 minutes"},"schema":{"@context":"https:\/\/schema.org","@graph":[{"@type":"Article","@id":"https:\/\/www.rpldm.ca\/en\/la-regie-de-police-du-lac-des-deux-montagnes-et-ses-cols-blancs-sentendent-sur-une-nouvelle-convention-collective\/#article","isPartOf":{"@id":"https:\/\/www.rpldm.ca\/en\/la-regie-de-police-du-lac-des-deux-montagnes-et-ses-cols-blancs-sentendent-sur-une-nouvelle-convention-collective\/"},"author":{"name":"Yvon Lemelin","@id":"https:\/\/www.rpldm.ca\/en\/#\/schema\/person\/c85e6e752c6e667f493df894bd1f41c7"},"headline":"La R\u00e9gie de police du Lac des Deux-Montagnes et ses cols blancs s&#8217;entendent sur une nouvelle convention collective","datePublished":"2026-04-30T18:20:18+00:00","dateModified":"2026-04-30T18:22:55+00:00","mainEntityOfPage":{"@id":"https:\/\/www.rpldm.ca\/en\/la-regie-de-police-du-lac-des-deux-montagnes-et-ses-cols-blancs-sentendent-sur-une-nouvelle-convention-collective\/"},"wordCount":263,"publisher":{"@id":"https:\/\/www.rpldm.ca\/en\/#organization"},"image":{"@id":"https:\/\/www.rpldm.ca\/en\/la-regie-de-police-du-lac-des-deux-montagnes-et-ses-cols-blancs-sentendent-sur-une-nouvelle-convention-collective\/#primaryimage"},"thumbnailUrl":"https:\/\/www.rpldm.ca\/wp-content\/uploads\/2026\/04\/Signature-de-la-convention-scaled.jpeg","articleSection":["Nouvelles"],"inLanguage":"en-US"},{"@type":"WebPage","@id":"https:\/\/www.rpldm.ca\/en\/la-regie-de-police-du-lac-des-deux-montagnes-et-ses-cols-blancs-sentendent-sur-une-nouvelle-convention-collective\/","url":"https:\/\/www.rpldm.ca\/en\/la-regie-de-police-du-lac-des-deux-montagnes-et-ses-cols-blancs-sentendent-sur-une-nouvelle-convention-collective\/","name":"La R\u00e9gie de police du Lac des Deux-Montagnes et ses cols blancs s'entendent sur une nouvelle convention collective - R\u00e9gie de Police Deux-Montagnes","isPartOf":{"@id":"https:\/\/www.rpldm.ca\/en\/#website"},"primaryImageOfPage":{"@id":"https:\/\/www.rpldm.ca\/en\/la-regie-de-police-du-lac-des-deux-montagnes-et-ses-cols-blancs-sentendent-sur-une-nouvelle-convention-collective\/#primaryimage"},"image":{"@id":"https:\/\/www.rpldm.ca\/en\/la-regie-de-police-du-lac-des-deux-montagnes-et-ses-cols-blancs-sentendent-sur-une-nouvelle-convention-collective\/#primaryimage"},"thumbnailUrl":"https:\/\/www.rpldm.ca\/wp-content\/uploads\/2026\/04\/Signature-de-la-convention-scaled.jpeg","datePublished":"2026-04-30T18:20:18+00:00","dateModified":"2026-04-30T18:22:55+00:00","breadcrumb":{"@id":"https:\/\/www.rpldm.ca\/en\/la-regie-de-police-du-lac-des-deux-montagnes-et-ses-cols-blancs-sentendent-sur-une-nouvelle-convention-collective\/#breadcrumb"},"inLanguage":"en-US","potentialAction":[{"@type":"ReadAction","target":["https:\/\/www.rpldm.ca\/en\/la-regie-de-police-du-lac-des-deux-montagnes-et-ses-cols-blancs-sentendent-sur-une-nouvelle-convention-collective\/"]}]},{"@type":"ImageObject","inLanguage":"en-US","@id":"https:\/\/www.rpldm.ca\/en\/la-regie-de-police-du-lac-des-deux-montagnes-et-ses-cols-blancs-sentendent-sur-une-nouvelle-convention-collective\/#primaryimage","url":"https:\/\/www.rpldm.ca\/wp-content\/uploads\/2026\/04\/Signature-de-la-convention-scaled.jpeg","contentUrl":"https:\/\/www.rpldm.ca\/wp-content\/uploads\/2026\/04\/Signature-de-la-convention-scaled.jpeg","width":1920,"height":2560},{"@type":"BreadcrumbList","@id":"https:\/\/www.rpldm.ca\/en\/la-regie-de-police-du-lac-des-deux-montagnes-et-ses-cols-blancs-sentendent-sur-une-nouvelle-convention-collective\/#breadcrumb","itemListElement":[{"@type":"ListItem","position":1,"name":"Accueil","item":"https:\/\/www.rpldm.ca\/en\/"},{"@type":"ListItem","position":2,"name":"La R\u00e9gie de police du Lac des Deux-Montagnes et ses cols blancs s&#8217;entendent sur une nouvelle convention collective"}]},{"@type":"WebSite","@id":"https:\/\/www.rpldm.ca\/en\/#website","url":"https:\/\/www.rpldm.ca\/en\/","name":"R\u00e9gie de Police Deux-Montagnes","description":"","publisher":{"@id":"https:\/\/www.rpldm.ca\/en\/#organization"},"potentialAction":[{"@type":"SearchAction","target":{"@type":"EntryPoint","urlTemplate":"https:\/\/www.rpldm.ca\/en\/?s={search_term_string}"},"query-input":{"@type":"PropertyValueSpecification","valueRequired":true,"valueName":"search_term_string"}}],"inLanguage":"en-US"},{"@type":"Organization","@id":"https:\/\/www.rpldm.ca\/en\/#organization","name":"R\u00e9gie de Police Deux-Montagnes","url":"https:\/\/www.rpldm.ca\/en\/","logo":{"@type":"ImageObject","inLanguage":"en-US","@id":"https:\/\/www.rpldm.ca\/en\/#\/schema\/logo\/image\/","url":"https:\/\/www.rpldm.ca\/wp-content\/uploads\/2020\/10\/logo-police2m.png","contentUrl":"https:\/\/www.rpldm.ca\/wp-content\/uploads\/2020\/10\/logo-police2m.png","width":197,"height":208,"caption":"R\u00e9gie de Police Deux-Montagnes"},"image":{"@id":"https:\/\/www.rpldm.ca\/en\/#\/schema\/logo\/image\/"}},{"@type":"Person","@id":"https:\/\/www.rpldm.ca\/en\/#\/schema\/person\/c85e6e752c6e667f493df894bd1f41c7","name":"Yvon Lemelin","image":{"@type":"ImageObject","inLanguage":"en-US","@id":"https:\/\/secure.gravatar.com\/avatar\/19dc1c99a10b6f7bf0cc7fff904fc0f60223e3dbbe3f8dc0f8412b9756c0fcd9?s=96&d=mm&r=g","url":"https:\/\/secure.gravatar.com\/avatar\/19dc1c99a10b6f7bf0cc7fff904fc0f60223e3dbbe3f8dc0f8412b9756c0fcd9?s=96&d=mm&r=g","contentUrl":"https:\/\/secure.gravatar.com\/avatar\/19dc1c99a10b6f7bf0cc7fff904fc0f60223e3dbbe3f8dc0f8412b9756c0fcd9?s=96&d=mm&r=g","caption":"Yvon Lemelin"},"url":"https:\/\/www.rpldm.ca\/en\/author\/yvon-lemelin\/"}]}},"_links":{"self":[{"href":"https:\/\/www.rpldm.ca\/en\/wp-json\/wp\/v2\/posts\/6549","targetHints":{"allow":["GET"]}}],"collection":[{"href":"https:\/\/www.rpldm.ca\/en\/wp-json\/wp\/v2\/posts"}],"about":[{"href":"https:\/\/www.rpldm.ca\/en\/wp-json\/wp\/v2\/types\/post"}],"author":[{"embeddable":true,"href":"https:\/\/www.rpldm.ca\/en\/wp-json\/wp\/v2\/users\/16"}],"replies":[{"embeddable":true,"href":"https:\/\/www.rpldm.ca\/en\/wp-json\/wp\/v2\/comments?post=6549"}],"version-history":[{"count":9,"href":"https:\/\/www.rpldm.ca\/en\/wp-json\/wp\/v2\/posts\/6549\/revisions"}],"predecessor-version":[{"id":6558,"href":"https:\/\/www.rpldm.ca\/en\/wp-json\/wp\/v2\/posts\/6549\/revisions\/6558"}],"wp:featuredmedia":[{"embeddable":true,"href":"https:\/\/www.rpldm.ca\/en\/wp-json\/wp\/v2\/media\/6546"}],"wp:attachment":[{"href":"https:\/\/www.rpldm.ca\/en\/wp-json\/wp\/v2\/media?parent=6549"}],"wp:term":[{"taxonomy":"category","embeddable":true,"href":"https:\/\/www.rpldm.ca\/en\/wp-json\/wp\/v2\/categories?post=6549"},{"taxonomy":"post_tag","embeddable":true,"href":"https:\/\/www.rpldm.ca\/en\/wp-json\/wp\/v2\/tags?post=6549"}],"curies":[{"name":"wp","href":"https:\/\/api.w.org\/{rel}","templated":true}]}}